{"id":25481,"date":"2020-10-23T09:58:38","date_gmt":"2020-10-23T07:58:38","guid":{"rendered":"https:\/\/www.genesi.it\/blog\/?p=25481"},"modified":"2020-10-23T10:09:15","modified_gmt":"2020-10-23T08:09:15","slug":"affidare-gestione-profili-social-aziendali","status":"publish","type":"post","link":"https:\/\/www.genesi.it\/blog\/affidare-gestione-profili-social-aziendali\/","title":{"rendered":"A chi affidare la gestione dei profili social aziendali?"},"content":{"rendered":"<p>Questa \u00e8 la domanda che molti imprenditori si fanno nel momento in cui decidono di avviare un processo virtuoso sul web: a chi affidare la <strong>gestione dei social aziendali<\/strong>? La risposta non \u00e8 scontata e non la puoi improvvisare.<\/p>\n<p>Questo \u00e8 un lavoro che impegna a tempo pieno e <strong>non pu\u00f2 essere rinviato<\/strong>, ma neanche lasciato a chi non ha alcuna conoscenza della realt\u00e0 in questione.<\/p>\n<p>Forse conviene coinvolgere una persona dedicata a questo lavoro? O magari si deve contattare una <strong>web agency professionale<\/strong>, con competenze sia nel <a href=\"https:\/\/www.genesi.it\/blog\/content-marketing-esempi-e-strategie\/\">content marketing<\/a> per gestire gli aggiornamenti organici che dell&#8217;advertising.<\/p>\n<p>Molto dipende dalle esigenze, dagli obiettivi da raggiungere per la singola campagna e dal budget a disposizione. In ogni caso ci sono <strong>tre alternative fondamentali<\/strong> da valutare con estrema attenzione. Quali sono?<\/p>\n<h2>Gestione con risorse interne<\/h2>\n<p>Una delle soluzioni preferite da molti imprenditori, soprattutto quelli che gestiscono <strong>piccole e micro imprese<\/strong>. La condizione \u00e8 chiara: una persona dello staff, del team, si occupa degli aggiornamenti dei vari social network.<\/p>\n<p>Deve essere in grado di gestire un calendario editoriale, selezionare buoni contenuti e fare in modo che non ci sia una <strong>conduzione autoreferenziale<\/strong>. Quella tipica di chi non conosce il social web e vorrebbe solo vendere. Senza comunicare, senza creare engagement e condivisione del valore.<\/p><div id=\"genes-2989458788\" class=\"genes-contenuto\"><p>&nbsp;<\/p>\n<div style=\"padding: 1em; border: 1px solid #ccc;\" align=\"center\"><a href=\"https:\/\/www.genesi.it\/guida-seo.html\"><img loading=\"lazy\" decoding=\"async\" class=\"alignnone size-medium wp-image-29783\" src=\"https:\/\/www.genesi.it\/blog\/wp-content\/uploads\/2025\/04\/mockup-libro-300x280.png\" alt=\"\" width=\"300\" height=\"280\" \/><\/a><br \/>\n<span style=\"font-size: 1.5em; font-weight: 600;\"><a href=\"https:\/\/www.genesi.it\/guida-seo.html\">Scarica GRATIS la nostra Guida SEO<\/a><br \/>\n<\/span><\/div>\n<p>&nbsp;<\/p>\n<\/div>\n<p><img loading=\"lazy\" decoding=\"async\" class=\"alignnone wp-image-25497 size-full\" src=\"https:\/\/www.genesi.it\/blog\/wp-content\/uploads\/2020\/10\/chi-gestisce-social.jpg\" alt=\"A chi affidare la gestione dei social aziendali\" width=\"900\" height=\"600\" \/><\/p>\n<p>A chi affidare la <strong>gestione dei social aziendali<\/strong>? Se vuoi lavorare con una risorsa interna non ti basta scegliere la persona pi\u00f9 sveglia e giovane, o quella che sa usare il computer. Hai bisogno di un profilo capace di fare la differenza.<\/p>\n<p>Questo significa far seguire dei corsi di formazione. In questo modo il quadro pu\u00f2 essere adeguato alla condizione: con una buona <strong>conoscenza delle dinamiche social<\/strong>, e degli strumenti per creare contenuti, la competenza nel settore legato al proprio business pu\u00f2 dare buoni frutti. A patto che il lavoro non diventi troppo impegnativo e complesso, a questo punto bisogna andare oltre.<\/p>\n<p>Vantaggi e svantaggi? Di sicuro puoi avere un rapporto <strong>diretto con i social<\/strong> e ridurre le spese se la tua realt\u00e0 \u00e8 abbastanza piccola da non avere necessit\u00e0 specifiche. Per\u00f2 non puoi aspettarti passi da gigante all&#8217;improvviso.<\/p>\n<h2>Supporto di un libero professionista<\/h2>\n<p>Con una realt\u00e0 pi\u00f9 grande e con obiettivi pi\u00f9 audaci, ad esempio in termini di pubblicit\u00e0 da gestire sui canali social come Facebook e Instagram, pu\u00f2 essere necessario il supporto di un libero professionista. Vale a dire? Cosa significa?<\/p>\n<p>Parlo di un <strong>social media manager<\/strong> in grado di impostare una strategia da zero, misurare i risultati, aumentare il coinvolgimento e creare delle inserzioni pubblicitarie pensate per vendere. Se la tua azienda \u00e8 abbastanza grande da aver bisogno di una prospettiva esterna per migliorare, ma al tempo stesso non necessit\u00e0 di un team completo per la gestione social questa \u00e8 la scelta giusta.<\/p>\n<p>Anche in questo caso, per\u00f2, <strong>ci sono dei pro e dei contro<\/strong> che possono e devono essere valutati prima di prendere una decisione in grado di fare la differenza.<\/p>\n<p><img loading=\"lazy\" decoding=\"async\" class=\"alignnone wp-image-25498 size-full\" src=\"https:\/\/www.genesi.it\/blog\/wp-content\/uploads\/2020\/10\/social.jpg\" alt=\"gestione social\" width=\"900\" height=\"600\" \/><\/p>\n<p>Andiamo per ordine: il vantaggio essenziale \u00e8 che un professionista dei social media pu\u00f2 <strong>offrirti delle competenze<\/strong> che un dipendente, anche se formato, non raggiunge in poche settimane o mesi. D&#8217;altro canto non \u00e8 molto impegnativo.<\/p>\n<p>Non hai grandi impegni e puoi valutare facilmente i vantaggi se riesci a ottenere dei report dettagliati <strong>rispetto al lavoro svolto<\/strong>. Per\u00f2 resta una spesa difficile da giustificare per un libero professionista che non ha le idee chiare. Ed \u00e8 una condizione limitante per un&#8217;impresa che vuole ottenere il massimo dal settore.<\/p>\n<h2>Agenzia di social media marketing<\/h2>\n<p>A chi affidare la <a href=\"https:\/\/www.genesi.it\/gestione-social-network.html\">gestione dei social aziendali<\/a>? Questa dinamica cos\u00ec importante non pu\u00f2 essere improvvisata se alla base c&#8217;\u00e8 la necessit\u00e0 di raggiungere <strong>grandi risultati<\/strong>. Ma questa regola vale anche per evitare errori madornali che possono portare a complete disfatte del brand dal punto di vista dell&#8217;immagine.<\/p>\n<p>Tutto questo \u00e8 importante per le piccole aziende ma anche e soprattutto per le aziende che hanno diverse esigenze. E magari molto complesse. In questi casi si prende in considerazione l&#8217;idea di l<strong>avorare insieme a un&#8217;azienda specializzat<\/strong>a. Questo significa avere a disposizione molte figure professionali come, ad esempio:<\/p>\n<ul>\n<li>Social media strategist per tracciare una linea da seguire insieme.<\/li>\n<li>Community manager, decisivo per gestire le pagine con molti commenti.<\/li>\n<li>ADV specialist, la figura che si occupa delle inserzioni pubblicitarie.<\/li>\n<li>Content manager, ovvero chi lavora con la strategia dei contenuti.<\/li>\n<\/ul>\n<p>A questo punto si possono affiancare anche altre soluzioni e professionalit\u00e0, come gli esperti di storytelling e video content marketing. Ogni soluzione pu\u00f2 e <strong>deve essere vagliata<\/strong> ma ricorda di non rinunciare a un buon lavoro di analisi dei dati: nel momento in cui il lavoro si amplifica non puoi tralasciare questo passaggio.<\/p>\n<p><strong>Da leggere: <a href=\"https:\/\/www.genesi.it\/blog\/meglio-creare-un-blog-o-un-sito-web\/\">meglio aprire un blog o un sito web?<\/a><\/strong><\/p>\n<h2>A chi affidare la gestione dei social?<\/h2>\n<p>Questione complessa ma non impossibile da risolvere. Di sicuro se vuoi un <strong>lavoro completo<\/strong> e ben strutturato devi chiedere il supporto di un team in grado di risolvere ogni esigenza nel settore del social media marketing.<\/p><div id=\"genes-1441171746\" class=\"genes-sotto-il-post-2\"><p>&nbsp;<\/p>\n<div style=\"padding: 1em; border: 1px solid #ccc;\" align=\"center\"><a href=\"https:\/\/www.genesi.it\/guida-seo.html\"><img loading=\"lazy\" decoding=\"async\" class=\"alignnone size-medium wp-image-29783\" src=\"https:\/\/www.genesi.it\/blog\/wp-content\/uploads\/2025\/04\/mockup-libro-300x280.png\" alt=\"\" width=\"300\" height=\"280\" \/><\/a><br \/>\n<span style=\"font-size: 1.5em; font-weight: 600;\"><a href=\"https:\/\/www.genesi.it\/guida-seo.html\">Scarica GRATIS la nostra Guida SEO<\/a><br \/>\n<\/span><\/div>\n<p>&nbsp;<\/p>\n<\/div>\n<p>Ma non dimenticare la possibilit\u00e0 di chiedere il supporto solo per determinati momenti, per periodi limitati magari perch\u00e9 <strong>ci sono esigenze specifiche<\/strong>. E delle campagne delicate da portare avanti. Come prendere una decisione?<\/p>\n<h2>Contattaci per una consulenza gratuita<\/h2>\n<div class=\"wpforms-container wpforms-container-full wpforms-form-abandonment\" id=\"wpforms-789\"><form id=\"wpforms-form-789\" class=\"wpforms-validate wpforms-form\" data-formid=\"789\" method=\"post\" enctype=\"multipart\/form-data\" action=\"\/blog\/wp-json\/wp\/v2\/posts\/25481\" data-token=\"987c4db60ac2b9eb2fb0d0f0f6836a88\" data-token-time=\"1777797298\"><noscript class=\"wpforms-error-noscript\">Abilita JavaScript nel browser per completare questo modulo.<\/noscript><div class=\"wpforms-field-container\"><div id=\"wpforms-789-field_0-container\" class=\"wpforms-field wpforms-field-name\" data-field-id=\"0\"><label class=\"wpforms-field-label\" for=\"wpforms-789-field_0\">Nome e Cognome <span class=\"wpforms-required-label\">*<\/span><\/label><input type=\"text\" id=\"wpforms-789-field_0\" class=\"wpforms-field-large wpforms-field-required\" name=\"wpforms[fields][0]\" required><\/div><div id=\"wpforms-789-field_1-container\" class=\"wpforms-field wpforms-field-email\" data-field-id=\"1\"><label class=\"wpforms-field-label\" for=\"wpforms-789-field_1\">Email <span class=\"wpforms-required-label\">*<\/span><\/label><input type=\"email\" id=\"wpforms-789-field_1\" class=\"wpforms-field-large wpforms-field-required\" name=\"wpforms[fields][1]\" spellcheck=\"false\" required><\/div><div id=\"wpforms-789-field_3-container\" class=\"wpforms-field wpforms-field-text\" data-field-id=\"3\"><label class=\"wpforms-field-label\" for=\"wpforms-789-field_3\">Telefono <span class=\"wpforms-required-label\">*<\/span><\/label><input type=\"text\" id=\"wpforms-789-field_3\" class=\"wpforms-field-large wpforms-field-required\" name=\"wpforms[fields][3]\" required><\/div><div id=\"wpforms-789-field_5-container\" class=\"wpforms-field wpforms-field-gdpr-checkbox privacy\" data-field-id=\"5\"><label class=\"wpforms-field-label wpforms-label-hide\">Privacy <span class=\"wpforms-required-label\">*<\/span><\/label><ul id=\"wpforms-789-field_5\" class=\"wpforms-field-required\"><li class=\"choice-1\"><input type=\"checkbox\" id=\"wpforms-789-field_5_1\" name=\"wpforms[fields][5][]\" value=\"&lt;a href=&quot;https:\/\/www.iubenda.com\/privacy-policy\/59117573&quot; class=&quot;iubenda-nostyle iubenda-noiframe iubenda-embed iubenda-noiframe &quot;&gt;Acconsento al trattamento dei dati&lt;\/a&gt;\" required ><label class=\"wpforms-field-label-inline\" for=\"wpforms-789-field_5_1\"><a href=\"https:\/\/www.iubenda.com\/privacy-policy\/59117573\" class=\"iubenda-nostyle iubenda-noiframe iubenda-embed iubenda-noiframe \">Acconsento al trattamento dei dati<\/a> <span class=\"wpforms-required-label\">*<\/span><\/label><\/li><\/ul><\/div><\/div><!-- .wpforms-field-container --><div class=\"wpforms-recaptcha-container wpforms-is-recaptcha wpforms-is-recaptcha-type-v2\" ><div class=\"g-recaptcha\" data-sitekey=\"6Ld9wm0bAAAAAJqInqjAMNbsadAjP4Aa4ybUIYX2\"><\/div><input type=\"text\" name=\"g-recaptcha-hidden\" class=\"wpforms-recaptcha-hidden\" style=\"position:absolute!important;clip:rect(0,0,0,0)!important;height:1px!important;width:1px!important;border:0!important;overflow:hidden!important;padding:0!important;margin:0!important;\" data-rule-recaptcha=\"1\"><\/div><div class=\"wpforms-submit-container\" ><input type=\"hidden\" name=\"wpforms[id]\" value=\"789\"><input type=\"hidden\" name=\"page_title\" value=\"\"><input type=\"hidden\" name=\"page_url\" value=\"https:\/\/www.genesi.it\/blog\/wp-json\/wp\/v2\/posts\/25481\"><input type=\"hidden\" name=\"url_referer\" value=\"\"><button type=\"submit\" name=\"wpforms[submit]\" id=\"wpforms-submit-789\" class=\"wpforms-submit ghost-btn btn-send\" data-alt-text=\"Invio in corso...\" data-submit-text=\"Invia\" aria-live=\"assertive\" value=\"wpforms-submit\">Invia<\/button><\/div><\/form><\/div>  <!-- .wpforms-container -->\n<p>&nbsp;<\/p>\n","protected":false},"excerpt":{"rendered":"<p>Questa \u00e8 la domanda che molti imprenditori si fanno nel momento in cui decidono di avviare un processo virtuoso sul web: a chi affidare la gestione dei social aziendali? La risposta non \u00e8 scontata e non la puoi improvvisare. Questo \u00e8 un lavoro che impegna a tempo pieno e non pu\u00f2 essere rinviato, ma neanche [&hellip;]<\/p>\n","protected":false},"author":10,"featured_media":25503,"comment_status":"closed","ping_status":"open","sticky":false,"template":"","format":"standard","meta":{"_et_pb_use_builder":"","_et_pb_old_content":"","_et_gb_content_width":"","footnotes":""},"categories":[1],"tags":[],"class_list":["post-25481","post","type-post","status-publish","format-standard","has-post-thumbnail","hentry","category-senza-categoria"],"yoast_head":"<!-- This site is optimized with the Yoast SEO plugin v27.1.1 - https:\/\/yoast.com\/product\/yoast-seo-wordpress\/ -->\n<title>A chi affidare la gestione dei social aziendali | Genesi<\/title>\n<meta name=\"description\" content=\"Bisogna capire subito a chi affidare la gestione dei social aziendali, prima di iniziare a danneggiare il tuo brand su internet.\" \/>\n<meta name=\"robots\" content=\"index, follow, max-snippet:-1, max-image-preview:large, max-video-preview:-1\" \/>\n<link rel=\"canonical\" href=\"https:\/\/www.genesi.it\/blog\/affidare-gestione-profili-social-aziendali\/\" \/>\n<meta property=\"og:locale\" content=\"it_IT\" \/>\n<meta property=\"og:type\" content=\"article\" \/>\n<meta property=\"og:title\" content=\"A chi affidare la gestione dei social aziendali | Genesi\" \/>\n<meta property=\"og:description\" content=\"Bisogna capire subito a chi affidare la gestione dei social aziendali, prima di iniziare a danneggiare il tuo brand su internet.\" \/>\n<meta property=\"og:url\" content=\"https:\/\/www.genesi.it\/blog\/affidare-gestione-profili-social-aziendali\/\" \/>\n<meta property=\"og:site_name\" content=\"Genesi Web Agency\" \/>\n<meta property=\"article:publisher\" content=\"https:\/\/www.facebook.com\/genesiweb\/\" \/>\n<meta property=\"article:published_time\" content=\"2020-10-23T07:58:38+00:00\" \/>\n<meta property=\"article:modified_time\" content=\"2020-10-23T08:09:15+00:00\" \/>\n<meta property=\"og:image\" content=\"https:\/\/www.genesi.it\/blog\/wp-content\/uploads\/2020\/10\/social-media-marketing.jpg\" \/>\n\t<meta property=\"og:image:width\" content=\"2048\" \/>\n\t<meta property=\"og:image:height\" content=\"1309\" \/>\n\t<meta property=\"og:image:type\" content=\"image\/jpeg\" \/>\n<meta name=\"author\" content=\"Riccardo\" \/>\n<meta name=\"twitter:card\" content=\"summary_large_image\" \/>\n<meta name=\"twitter:label1\" content=\"Scritto da\" \/>\n\t<meta name=\"twitter:data1\" content=\"Riccardo\" \/>\n\t<meta name=\"twitter:label2\" content=\"Tempo di lettura stimato\" \/>\n\t<meta name=\"twitter:data2\" content=\"4 minuti\" \/>\n<script type=\"application\/ld+json\" class=\"yoast-schema-graph\">{\"@context\":\"https:\/\/schema.org\",\"@graph\":[{\"@type\":\"Article\",\"@id\":\"https:\/\/www.genesi.it\/blog\/affidare-gestione-profili-social-aziendali\/#article\",\"isPartOf\":{\"@id\":\"https:\/\/www.genesi.it\/blog\/affidare-gestione-profili-social-aziendali\/\"},\"author\":{\"name\":\"Riccardo\",\"@id\":\"https:\/\/www.genesi.it\/blog\/#\/schema\/person\/114c7dfaeffd05797140e3e577c6860a\"},\"headline\":\"A chi affidare la gestione dei profili social aziendali?\",\"datePublished\":\"2020-10-23T07:58:38+00:00\",\"dateModified\":\"2020-10-23T08:09:15+00:00\",\"mainEntityOfPage\":{\"@id\":\"https:\/\/www.genesi.it\/blog\/affidare-gestione-profili-social-aziendali\/\"},\"wordCount\":871,\"publisher\":{\"@id\":\"https:\/\/www.genesi.it\/blog\/#organization\"},\"image\":{\"@id\":\"https:\/\/www.genesi.it\/blog\/affidare-gestione-profili-social-aziendali\/#primaryimage\"},\"thumbnailUrl\":\"https:\/\/www.genesi.it\/blog\/wp-content\/uploads\/2020\/10\/social-media-marketing.jpg\",\"inLanguage\":\"it-IT\"},{\"@type\":\"WebPage\",\"@id\":\"https:\/\/www.genesi.it\/blog\/affidare-gestione-profili-social-aziendali\/\",\"url\":\"https:\/\/www.genesi.it\/blog\/affidare-gestione-profili-social-aziendali\/\",\"name\":\"A chi affidare la gestione dei social aziendali | Genesi\",\"isPartOf\":{\"@id\":\"https:\/\/www.genesi.it\/blog\/#website\"},\"primaryImageOfPage\":{\"@id\":\"https:\/\/www.genesi.it\/blog\/affidare-gestione-profili-social-aziendali\/#primaryimage\"},\"image\":{\"@id\":\"https:\/\/www.genesi.it\/blog\/affidare-gestione-profili-social-aziendali\/#primaryimage\"},\"thumbnailUrl\":\"https:\/\/www.genesi.it\/blog\/wp-content\/uploads\/2020\/10\/social-media-marketing.jpg\",\"datePublished\":\"2020-10-23T07:58:38+00:00\",\"dateModified\":\"2020-10-23T08:09:15+00:00\",\"description\":\"Bisogna capire subito a chi affidare la gestione dei social aziendali, prima di iniziare a danneggiare il tuo brand su internet.\",\"breadcrumb\":{\"@id\":\"https:\/\/www.genesi.it\/blog\/affidare-gestione-profili-social-aziendali\/#breadcrumb\"},\"inLanguage\":\"it-IT\",\"potentialAction\":[{\"@type\":\"ReadAction\",\"target\":[\"https:\/\/www.genesi.it\/blog\/affidare-gestione-profili-social-aziendali\/\"]}]},{\"@type\":\"ImageObject\",\"inLanguage\":\"it-IT\",\"@id\":\"https:\/\/www.genesi.it\/blog\/affidare-gestione-profili-social-aziendali\/#primaryimage\",\"url\":\"https:\/\/www.genesi.it\/blog\/wp-content\/uploads\/2020\/10\/social-media-marketing.jpg\",\"contentUrl\":\"https:\/\/www.genesi.it\/blog\/wp-content\/uploads\/2020\/10\/social-media-marketing.jpg\",\"width\":2048,\"height\":1309,\"caption\":\"Social media marketing\"},{\"@type\":\"BreadcrumbList\",\"@id\":\"https:\/\/www.genesi.it\/blog\/affidare-gestione-profili-social-aziendali\/#breadcrumb\",\"itemListElement\":[{\"@type\":\"ListItem\",\"position\":1,\"name\":\"Home\",\"item\":\"https:\/\/www.genesi.it\/blog\/\"},{\"@type\":\"ListItem\",\"position\":2,\"name\":\"A chi affidare la gestione dei profili social aziendali?\"}]},{\"@type\":\"WebSite\",\"@id\":\"https:\/\/www.genesi.it\/blog\/#website\",\"url\":\"https:\/\/www.genesi.it\/blog\/\",\"name\":\"Genesi Web Agency\",\"description\":\"\",\"publisher\":{\"@id\":\"https:\/\/www.genesi.it\/blog\/#organization\"},\"potentialAction\":[{\"@type\":\"SearchAction\",\"target\":{\"@type\":\"EntryPoint\",\"urlTemplate\":\"https:\/\/www.genesi.it\/blog\/?s={search_term_string}\"},\"query-input\":{\"@type\":\"PropertyValueSpecification\",\"valueRequired\":true,\"valueName\":\"search_term_string\"}}],\"inLanguage\":\"it-IT\"},{\"@type\":\"Organization\",\"@id\":\"https:\/\/www.genesi.it\/blog\/#organization\",\"name\":\"Genesi\",\"url\":\"https:\/\/www.genesi.it\/blog\/\",\"logo\":{\"@type\":\"ImageObject\",\"inLanguage\":\"it-IT\",\"@id\":\"https:\/\/www.genesi.it\/blog\/#\/schema\/logo\/image\/\",\"url\":\"https:\/\/www.genesi.it\/blog\/wp-content\/uploads\/2018\/06\/logogenesi.png\",\"contentUrl\":\"https:\/\/www.genesi.it\/blog\/wp-content\/uploads\/2018\/06\/logogenesi.png\",\"width\":190,\"height\":52,\"caption\":\"Genesi\"},\"image\":{\"@id\":\"https:\/\/www.genesi.it\/blog\/#\/schema\/logo\/image\/\"},\"sameAs\":[\"https:\/\/www.facebook.com\/genesiweb\/\"]},{\"@type\":\"Person\",\"@id\":\"https:\/\/www.genesi.it\/blog\/#\/schema\/person\/114c7dfaeffd05797140e3e577c6860a\",\"name\":\"Riccardo\",\"image\":{\"@type\":\"ImageObject\",\"inLanguage\":\"it-IT\",\"@id\":\"https:\/\/www.genesi.it\/blog\/#\/schema\/person\/image\/\",\"url\":\"https:\/\/secure.gravatar.com\/avatar\/d6173542a8ca5dfd7c2cd3ecb7725a470038bbb1722d954e2b096ddee8eb2830?s=96&d=mm&r=g\",\"contentUrl\":\"https:\/\/secure.gravatar.com\/avatar\/d6173542a8ca5dfd7c2cd3ecb7725a470038bbb1722d954e2b096ddee8eb2830?s=96&d=mm&r=g\",\"caption\":\"Riccardo\"}}]}<\/script>\n<!-- \/ Yoast SEO plugin. -->","yoast_head_json":{"title":"A chi affidare la gestione dei social aziendali | Genesi","description":"Bisogna capire subito a chi affidare la gestione dei social aziendali, prima di iniziare a danneggiare il tuo brand su internet.","robots":{"index":"index","follow":"follow","max-snippet":"max-snippet:-1","max-image-preview":"max-image-preview:large","max-video-preview":"max-video-preview:-1"},"canonical":"https:\/\/www.genesi.it\/blog\/affidare-gestione-profili-social-aziendali\/","og_locale":"it_IT","og_type":"article","og_title":"A chi affidare la gestione dei social aziendali | Genesi","og_description":"Bisogna capire subito a chi affidare la gestione dei social aziendali, prima di iniziare a danneggiare il tuo brand su internet.","og_url":"https:\/\/www.genesi.it\/blog\/affidare-gestione-profili-social-aziendali\/","og_site_name":"Genesi Web Agency","article_publisher":"https:\/\/www.facebook.com\/genesiweb\/","article_published_time":"2020-10-23T07:58:38+00:00","article_modified_time":"2020-10-23T08:09:15+00:00","og_image":[{"width":2048,"height":1309,"url":"https:\/\/www.genesi.it\/blog\/wp-content\/uploads\/2020\/10\/social-media-marketing.jpg","type":"image\/jpeg"}],"author":"Riccardo","twitter_card":"summary_large_image","twitter_misc":{"Scritto da":"Riccardo","Tempo di lettura stimato":"4 minuti"},"schema":{"@context":"https:\/\/schema.org","@graph":[{"@type":"Article","@id":"https:\/\/www.genesi.it\/blog\/affidare-gestione-profili-social-aziendali\/#article","isPartOf":{"@id":"https:\/\/www.genesi.it\/blog\/affidare-gestione-profili-social-aziendali\/"},"author":{"name":"Riccardo","@id":"https:\/\/www.genesi.it\/blog\/#\/schema\/person\/114c7dfaeffd05797140e3e577c6860a"},"headline":"A chi affidare la gestione dei profili social aziendali?","datePublished":"2020-10-23T07:58:38+00:00","dateModified":"2020-10-23T08:09:15+00:00","mainEntityOfPage":{"@id":"https:\/\/www.genesi.it\/blog\/affidare-gestione-profili-social-aziendali\/"},"wordCount":871,"publisher":{"@id":"https:\/\/www.genesi.it\/blog\/#organization"},"image":{"@id":"https:\/\/www.genesi.it\/blog\/affidare-gestione-profili-social-aziendali\/#primaryimage"},"thumbnailUrl":"https:\/\/www.genesi.it\/blog\/wp-content\/uploads\/2020\/10\/social-media-marketing.jpg","inLanguage":"it-IT"},{"@type":"WebPage","@id":"https:\/\/www.genesi.it\/blog\/affidare-gestione-profili-social-aziendali\/","url":"https:\/\/www.genesi.it\/blog\/affidare-gestione-profili-social-aziendali\/","name":"A chi affidare la gestione dei social aziendali | Genesi","isPartOf":{"@id":"https:\/\/www.genesi.it\/blog\/#website"},"primaryImageOfPage":{"@id":"https:\/\/www.genesi.it\/blog\/affidare-gestione-profili-social-aziendali\/#primaryimage"},"image":{"@id":"https:\/\/www.genesi.it\/blog\/affidare-gestione-profili-social-aziendali\/#primaryimage"},"thumbnailUrl":"https:\/\/www.genesi.it\/blog\/wp-content\/uploads\/2020\/10\/social-media-marketing.jpg","datePublished":"2020-10-23T07:58:38+00:00","dateModified":"2020-10-23T08:09:15+00:00","description":"Bisogna capire subito a chi affidare la gestione dei social aziendali, prima di iniziare a danneggiare il tuo brand su internet.","breadcrumb":{"@id":"https:\/\/www.genesi.it\/blog\/affidare-gestione-profili-social-aziendali\/#breadcrumb"},"inLanguage":"it-IT","potentialAction":[{"@type":"ReadAction","target":["https:\/\/www.genesi.it\/blog\/affidare-gestione-profili-social-aziendali\/"]}]},{"@type":"ImageObject","inLanguage":"it-IT","@id":"https:\/\/www.genesi.it\/blog\/affidare-gestione-profili-social-aziendali\/#primaryimage","url":"https:\/\/www.genesi.it\/blog\/wp-content\/uploads\/2020\/10\/social-media-marketing.jpg","contentUrl":"https:\/\/www.genesi.it\/blog\/wp-content\/uploads\/2020\/10\/social-media-marketing.jpg","width":2048,"height":1309,"caption":"Social media marketing"},{"@type":"BreadcrumbList","@id":"https:\/\/www.genesi.it\/blog\/affidare-gestione-profili-social-aziendali\/#breadcrumb","itemListElement":[{"@type":"ListItem","position":1,"name":"Home","item":"https:\/\/www.genesi.it\/blog\/"},{"@type":"ListItem","position":2,"name":"A chi affidare la gestione dei profili social aziendali?"}]},{"@type":"WebSite","@id":"https:\/\/www.genesi.it\/blog\/#website","url":"https:\/\/www.genesi.it\/blog\/","name":"Genesi Web Agency","description":"","publisher":{"@id":"https:\/\/www.genesi.it\/blog\/#organization"},"potentialAction":[{"@type":"SearchAction","target":{"@type":"EntryPoint","urlTemplate":"https:\/\/www.genesi.it\/blog\/?s={search_term_string}"},"query-input":{"@type":"PropertyValueSpecification","valueRequired":true,"valueName":"search_term_string"}}],"inLanguage":"it-IT"},{"@type":"Organization","@id":"https:\/\/www.genesi.it\/blog\/#organization","name":"Genesi","url":"https:\/\/www.genesi.it\/blog\/","logo":{"@type":"ImageObject","inLanguage":"it-IT","@id":"https:\/\/www.genesi.it\/blog\/#\/schema\/logo\/image\/","url":"https:\/\/www.genesi.it\/blog\/wp-content\/uploads\/2018\/06\/logogenesi.png","contentUrl":"https:\/\/www.genesi.it\/blog\/wp-content\/uploads\/2018\/06\/logogenesi.png","width":190,"height":52,"caption":"Genesi"},"image":{"@id":"https:\/\/www.genesi.it\/blog\/#\/schema\/logo\/image\/"},"sameAs":["https:\/\/www.facebook.com\/genesiweb\/"]},{"@type":"Person","@id":"https:\/\/www.genesi.it\/blog\/#\/schema\/person\/114c7dfaeffd05797140e3e577c6860a","name":"Riccardo","image":{"@type":"ImageObject","inLanguage":"it-IT","@id":"https:\/\/www.genesi.it\/blog\/#\/schema\/person\/image\/","url":"https:\/\/secure.gravatar.com\/avatar\/d6173542a8ca5dfd7c2cd3ecb7725a470038bbb1722d954e2b096ddee8eb2830?s=96&d=mm&r=g","contentUrl":"https:\/\/secure.gravatar.com\/avatar\/d6173542a8ca5dfd7c2cd3ecb7725a470038bbb1722d954e2b096ddee8eb2830?s=96&d=mm&r=g","caption":"Riccardo"}}]}},"_links":{"self":[{"href":"https:\/\/www.genesi.it\/blog\/wp-json\/wp\/v2\/posts\/25481","targetHints":{"allow":["GET"]}}],"collection":[{"href":"https:\/\/www.genesi.it\/blog\/wp-json\/wp\/v2\/posts"}],"about":[{"href":"https:\/\/www.genesi.it\/blog\/wp-json\/wp\/v2\/types\/post"}],"author":[{"embeddable":true,"href":"https:\/\/www.genesi.it\/blog\/wp-json\/wp\/v2\/users\/10"}],"replies":[{"embeddable":true,"href":"https:\/\/www.genesi.it\/blog\/wp-json\/wp\/v2\/comments?post=25481"}],"version-history":[{"count":18,"href":"https:\/\/www.genesi.it\/blog\/wp-json\/wp\/v2\/posts\/25481\/revisions"}],"predecessor-version":[{"id":25501,"href":"https:\/\/www.genesi.it\/blog\/wp-json\/wp\/v2\/posts\/25481\/revisions\/25501"}],"wp:featuredmedia":[{"embeddable":true,"href":"https:\/\/www.genesi.it\/blog\/wp-json\/wp\/v2\/media\/25503"}],"wp:attachment":[{"href":"https:\/\/www.genesi.it\/blog\/wp-json\/wp\/v2\/media?parent=25481"}],"wp:term":[{"taxonomy":"category","embeddable":true,"href":"https:\/\/www.genesi.it\/blog\/wp-json\/wp\/v2\/categories?post=25481"},{"taxonomy":"post_tag","embeddable":true,"href":"https:\/\/www.genesi.it\/blog\/wp-json\/wp\/v2\/tags?post=25481"}],"curies":[{"name":"wp","href":"https:\/\/api.w.org\/{rel}","templated":true}]}}